{"id":408,"date":"2013-08-28T09:04:11","date_gmt":"2013-08-28T08:04:11","guid":{"rendered":"http:\/\/isasturgrupo.wordpress.com\/?p=408"},"modified":"2013-08-28T09:04:11","modified_gmt":"2013-08-28T08:04:11","slug":"plan-de-movilidad-sostenible-y-seguridad-vial-del-grupo-isastur-ii","status":"publish","type":"post","link":"https:\/\/www.isastur.com\/blog\/plan-de-movilidad-sostenible-y-seguridad-vial-del-grupo-isastur-ii\/","title":{"rendered":"Plan de Movilidad Sostenible y Seguridad Vial del Grupo ISASTUR (II)"},"content":{"rendered":"<p>Para elaborar el Plan de Movilidad Sostenible y Seguridad Vial del Grupo ISASTUR realiz\u00f3 un estudio previo para conocer los datos de siniestralidad en las empresas del Grupo y las causas de los distintos accidentes.<\/p>\n<p>Accidentalidad de tr\u00e1fico trienio 2010 &#8211; 2011 &#8211; 2012<br \/>\nCon objeto de analizar adecuadamente el nivel de riesgo de sufrir un accidente de tr\u00e1fico en funci\u00f3n del puesto de trabajo e identificar aquellos colectivos m\u00e1s expuestos a dicho riesgo, se ha analizado la accidentalidad en estos tres \u00faltimos a\u00f1os.<br \/>\nSe ha decidido estudiar conjuntamente un periodo de tres a\u00f1os para poder extraer conclusiones de la clasificaci\u00f3n de los incidentes, ya que en los periodos anuales el n\u00famero de sucesos no es tan numeroso como para analizar su tipolog\u00eda. Adem\u00e1s, se ha calculado la media anual de modo que podamos comparar anualmente los resultados y comprobar la evoluci\u00f3n de la accidentalidad. En cualquier caso, una vez transcurrido otro trienio, se comparar\u00e1n los resultados con los actualmente calculados. <\/p>\n<p>Estas gr\u00e1ficas resumen los datos obtenidos. Pulse sobre ellas para verlas en detalle.<\/p>\n<p><a href=\"https:\/\/www.isastur.com\/blog\/wp-content\/uploads\/2013\/08\/graficas-movilidad-1.jpg\"><img loading=\"lazy\" src=\"https:\/\/www.isastur.com\/blog\/wp-content\/uploads\/2013\/08\/graficas-movilidad-1.jpg?w=300\" alt=\"GRAFICAS MOVILIDAD 1\" width=\"300\" height=\"62\" class=\"alignnone size-medium wp-image-409\" srcset=\"https:\/\/www.isastur.com\/blog\/wp-content\/uploads\/2013\/08\/graficas-movilidad-1.jpg 1189w, https:\/\/www.isastur.com\/blog\/wp-content\/uploads\/2013\/08\/graficas-movilidad-1-300x63.jpg 300w, https:\/\/www.isastur.com\/blog\/wp-content\/uploads\/2013\/08\/graficas-movilidad-1-768x160.jpg 768w, https:\/\/www.isastur.com\/blog\/wp-content\/uploads\/2013\/08\/graficas-movilidad-1-1024x214.jpg 1024w\" sizes=\"(max-width: 300px) 100vw, 300px\" \/><\/a><\/p>\n<p><a href=\"https:\/\/www.isastur.com\/blog\/wp-content\/uploads\/2013\/08\/grc3a1ficas-movilidad-2.jpg\"><img loading=\"lazy\" src=\"https:\/\/www.isastur.com\/blog\/wp-content\/uploads\/2013\/08\/grc3a1ficas-movilidad-2.jpg?w=300\" alt=\"GR\u00c1FICAS MOVILIDAD 2\" width=\"300\" height=\"64\" class=\"alignnone size-medium wp-image-410\" srcset=\"https:\/\/www.isastur.com\/blog\/wp-content\/uploads\/2013\/08\/grc3a1ficas-movilidad-2.jpg 1274w, https:\/\/www.isastur.com\/blog\/wp-content\/uploads\/2013\/08\/grc3a1ficas-movilidad-2-300x64.jpg 300w, https:\/\/www.isastur.com\/blog\/wp-content\/uploads\/2013\/08\/grc3a1ficas-movilidad-2-768x165.jpg 768w, https:\/\/www.isastur.com\/blog\/wp-content\/uploads\/2013\/08\/grc3a1ficas-movilidad-2-1024x219.jpg 1024w\" sizes=\"(max-width: 300px) 100vw, 300px\" \/><\/a><\/p>\n<p><a href=\"https:\/\/www.isastur.com\/blog\/wp-content\/uploads\/2013\/08\/grc3a1ficas-movilidad-3.jpg\"><img loading=\"lazy\" src=\"https:\/\/www.isastur.com\/blog\/wp-content\/uploads\/2013\/08\/grc3a1ficas-movilidad-3.jpg?w=300\" alt=\"GR\u00c1FICAS MOVILIDAD 3\" width=\"300\" height=\"73\" class=\"alignnone size-medium wp-image-411\" srcset=\"https:\/\/www.isastur.com\/blog\/wp-content\/uploads\/2013\/08\/grc3a1ficas-movilidad-3.jpg 1254w, https:\/\/www.isastur.com\/blog\/wp-content\/uploads\/2013\/08\/grc3a1ficas-movilidad-3-300x74.jpg 300w, https:\/\/www.isastur.com\/blog\/wp-content\/uploads\/2013\/08\/grc3a1ficas-movilidad-3-768x189.jpg 768w, https:\/\/www.isastur.com\/blog\/wp-content\/uploads\/2013\/08\/grc3a1ficas-movilidad-3-1024x252.jpg 1024w\" sizes=\"(max-width: 300px) 100vw, 300px\" \/><\/a><\/p>\n<p><a href=\"https:\/\/www.isastur.com\/blog\/wp-content\/uploads\/2013\/08\/grc3a1ficas-movilidad-4.jpg\"><img loading=\"lazy\" src=\"https:\/\/www.isastur.com\/blog\/wp-content\/uploads\/2013\/08\/grc3a1ficas-movilidad-4.jpg?w=300\" alt=\"GR\u00c1FICAS MOVILIDAD 4\" width=\"300\" height=\"69\" class=\"alignnone size-medium wp-image-412\" srcset=\"https:\/\/www.isastur.com\/blog\/wp-content\/uploads\/2013\/08\/grc3a1ficas-movilidad-4.jpg 1230w, https:\/\/www.isastur.com\/blog\/wp-content\/uploads\/2013\/08\/grc3a1ficas-movilidad-4-300x70.jpg 300w, https:\/\/www.isastur.com\/blog\/wp-content\/uploads\/2013\/08\/grc3a1ficas-movilidad-4-768x178.jpg 768w, https:\/\/www.isastur.com\/blog\/wp-content\/uploads\/2013\/08\/grc3a1ficas-movilidad-4-1024x237.jpg 1024w\" sizes=\"(max-width: 300px) 100vw, 300px\" \/><\/a><\/p>\n<p><a href=\"https:\/\/www.isastur.com\/blog\/wp-content\/uploads\/2013\/08\/grc3a1ficas-movilidad-5.jpg\"><img loading=\"lazy\" src=\"https:\/\/www.isastur.com\/blog\/wp-content\/uploads\/2013\/08\/grc3a1ficas-movilidad-5.jpg?w=300\" alt=\"GR\u00c1FICAS MOVILIDAD 5\" width=\"300\" height=\"104\" class=\"alignnone size-medium wp-image-413\" srcset=\"https:\/\/www.isastur.com\/blog\/wp-content\/uploads\/2013\/08\/grc3a1ficas-movilidad-5.jpg 879w, https:\/\/www.isastur.com\/blog\/wp-content\/uploads\/2013\/08\/grc3a1ficas-movilidad-5-300x104.jpg 300w, https:\/\/www.isastur.com\/blog\/wp-content\/uploads\/2013\/08\/grc3a1ficas-movilidad-5-768x267.jpg 768w\" sizes=\"(max-width: 300px) 100vw, 300px\" \/><\/a><\/p>\n<p>En resumen, se revelan como factores de mayor riesgo de accidente de tr\u00e1fico:<br \/>\n\u2022\tAccidente in itinere (66%), en v\u00eda p\u00fablica (69%)<br \/>\n\u2022\tVeh\u00edculo particular (55%); coche o moto (62%)<br \/>\n\u2022\tFactor humano: imprudencias propias o ajenas (90%)<br \/>\n\u2022\tPuestos de obra o de oficina con viajes frecuentes a obras o clientes (97%)<br \/>\n\u2022\tEmpresas con puestos de obra o almacenes (100%), destacando la incidencia en ISASTUR (34%) e ISASTUR SERVICIOS (14%, relevante teniendo en cuenta el elevado n\u00famero de personas de oficina en comparaci\u00f3n con otras empresas del Grupo)<\/p>\n<p>Evaluaci\u00f3n de riesgos<br \/>\nA la vista del diagn\u00f3stico de la situaci\u00f3n realizado y de cara al dise\u00f1o de las acciones m\u00e1s efectivas, realizaremos una evaluaci\u00f3n del nivel de exposici\u00f3n al riesgo de accidente de tr\u00e1fico en funci\u00f3n del puesto de trabajo y de la empresa. <\/p>\n<p>1. Nivel de exposici\u00f3n al riesgo de cada colectivo<br \/>\nA la hora de priorizar actuaciones, resulta fundamental la identificaci\u00f3n de los colectivos m\u00e1s expuestos al accidente de tr\u00e1fico. Obviamente estos colectivos son aquellos que m\u00e1s utilizan el veh\u00edculo (desplazamientos a obras o visitas a clientes), no obstante el accidente m\u00e1s frecuente no es el accidente en misi\u00f3n, sino el accidente que sucede al ir o venir del trabajo (in itinere). Estos datos revelan la necesidad de realizar actuaciones de car\u00e1cter global (a todo el personal de la organizaci\u00f3n), si bien habr\u00e1 que hacer especial hincapi\u00e9 en las acciones dirigidas a personal relacionado con obras y almacenes.<br \/>\nSe trata en la mayor\u00eda de los casos de accidentes en v\u00edas p\u00fablicas y con veh\u00edculos particulares, interviniendo el factor humano de modo determinante en casi el total de los accidentes. Al margen de los prescriptivos mantenimientos de los veh\u00edculos de empresa, parece procedente hacer recordatorios de las normas en materia de seguridad vial y de la importancia de las revisiones y mantenimientos de los veh\u00edculos particulares. Adem\u00e1s, la utilizaci\u00f3n de medios de transporte p\u00fablico es una clara alternativa para reducir este tipo de accidentes.<\/p>\n<p>2. Evaluaci\u00f3n general de Riesgos<br \/>\nUna vez analizados los principales factores de riesgo de accidente de tr\u00e1fico e identificados los colectivos m\u00e1s expuestos al mismo, se tendr\u00e1 en cuenta dicha informaci\u00f3n a la hora de revisar la evaluaci\u00f3n general de riesgos de aquellas empresas en las que se haya producido alg\u00fan incidente en el trienio estudiado, revisando especialmente el nivel de riesgo de aquellos puestos ocupados por colectivos de mayor exposici\u00f3n al riesgo.<br \/>\nNo obstante, dicha revisi\u00f3n tambi\u00e9n depender\u00e1 del nivel de actividad de dichas empresas y de las posibles variaciones de personal en los diferentes puestos. Se estima oportuno finalizar la revisi\u00f3n de las Evaluaciones generales de Riesgo de las 6 empresas en el pr\u00f3ximo trienio (2013-2014-2015).<br \/>\nDise\u00f1o e Implantaci\u00f3n del plan de actuaci\u00f3n<\/p>\n<p>Objetivos a alcanzar<br \/>\nEl objetivo general es mejorar en materia de seguridad vial laboral, concretamente nos marcamos como objetivo una reducci\u00f3n de la accidentalidad de tr\u00e1fico de casi el 40%, de modo que pasemos de los 29 incidentes de tr\u00e1fico del trienio analizado a 18 incidentes finalizado el trienio 2013-2014-2015. Para alcanzar dicho objetivo, se propone invertir en la implantaci\u00f3n del plan de acciones el ahorro que supondr\u00eda la consecuci\u00f3n del objetivo previsto. <\/p>\n<p><a href=\"https:\/\/www.isastur.com\/blog\/wp-content\/uploads\/2013\/08\/grc3a1ficas-movilidad-6.jpg\"><img loading=\"lazy\" src=\"https:\/\/www.isastur.com\/blog\/wp-content\/uploads\/2013\/08\/grc3a1ficas-movilidad-6.jpg?w=300\" alt=\"GR\u00c1FICAS MOVILIDAD 6\" width=\"300\" height=\"38\" class=\"alignnone size-medium wp-image-414\" srcset=\"https:\/\/www.isastur.com\/blog\/wp-content\/uploads\/2013\/08\/grc3a1ficas-movilidad-6.jpg 859w, https:\/\/www.isastur.com\/blog\/wp-content\/uploads\/2013\/08\/grc3a1ficas-movilidad-6-300x38.jpg 300w, https:\/\/www.isastur.com\/blog\/wp-content\/uploads\/2013\/08\/grc3a1ficas-movilidad-6-768x98.jpg 768w\" sizes=\"(max-width: 300px) 100vw, 300px\" \/><\/a><\/p>\n","protected":false},"excerpt":{"rendered":"<p>Seguimos explicando los contenidos de nuestro Plan de Movilidad Sostenible y Seguridad Vial. La obtenci\u00f3n de los datos reales sobre los \u00edndices de accidentalidad en las empresas del Grupo ha sido el punto de partida para establecer las acciones que se desarrollar\u00e1n.<\/p>\n","protected":false},"author":1,"featured_media":0,"comment_status":"open","ping_status":"open","sticky":false,"template":"","format":"standard","meta":[],"categories":[10,13],"tags":[16,71,99,121,172],"_links":{"self":[{"href":"https:\/\/www.isastur.com\/blog\/wp-json\/wp\/v2\/posts\/408"}],"collection":[{"href":"https:\/\/www.isastur.com\/blog\/wp-json\/wp\/v2\/posts"}],"about":[{"href":"https:\/\/www.isastur.com\/blog\/wp-json\/wp\/v2\/types\/post"}],"author":[{"embeddable":true,"href":"https:\/\/www.isastur.com\/blog\/wp-json\/wp\/v2\/users\/1"}],"replies":[{"embeddable":true,"href":"https:\/\/www.isastur.com\/blog\/wp-json\/wp\/v2\/comments?post=408"}],"version-history":[{"count":0,"href":"https:\/\/www.isastur.com\/blog\/wp-json\/wp\/v2\/posts\/408\/revisions"}],"wp:attachment":[{"href":"https:\/\/www.isastur.com\/blog\/wp-json\/wp\/v2\/media?parent=408"}],"wp:term":[{"taxonomy":"category","embeddable":true,"href":"https:\/\/www.isastur.com\/blog\/wp-json\/wp\/v2\/categories?post=408"},{"taxonomy":"post_tag","embeddable":true,"href":"https:\/\/www.isastur.com\/blog\/wp-json\/wp\/v2\/tags?post=408"}],"curies":[{"name":"wp","href":"https:\/\/api.w.org\/{rel}","templated":true}]}}