{"id":480,"date":"2014-03-24T10:08:59","date_gmt":"2014-03-24T09:08:59","guid":{"rendered":"http:\/\/isasturgrupo.wordpress.com\/?p=480"},"modified":"2014-03-24T10:08:59","modified_gmt":"2014-03-24T09:08:59","slug":"una-memoria-compartida","status":"publish","type":"post","link":"https:\/\/www.isastur.com\/blog\/una-memoria-compartida\/","title":{"rendered":"Una memoria compartida"},"content":{"rendered":"<p><a href=\"https:\/\/www.isastur.com\/blog\/wp-content\/uploads\/2014\/03\/arturo-alonso-llanos.jpg\"><img loading=\"lazy\" class=\"alignnone  wp-image-481\" alt=\"Arturo Alonso Llanos\" src=\"https:\/\/www.isastur.com\/blog\/wp-content\/uploads\/2014\/03\/arturo-alonso-llanos.jpg\" width=\"350\" height=\"451\" srcset=\"https:\/\/www.isastur.com\/blog\/wp-content\/uploads\/2014\/03\/arturo-alonso-llanos.jpg 500w, https:\/\/www.isastur.com\/blog\/wp-content\/uploads\/2014\/03\/arturo-alonso-llanos-233x300.jpg 233w\" sizes=\"(max-width: 350px) 100vw, 350px\" \/><\/a><\/p>\n<p>&nbsp;<\/p>\n<p><strong>Arturo Alonso Llanos. Socio Fundador del Grupo ISASTUR<\/strong><\/p>\n<div><\/div>\n<p>ISASTUR nace en octubre de 1978, con un equipo de t\u00e9cnicos y personal proveniente de otras empresas del sector, por lo que desde sus comienzos, la firma estuvo avalada por la experiencia del equipo. La filosof\u00eda empresarial fue la de con tribuir al desarrollo industrial de la regi\u00f3n, aportando colaboraciones cuyo distintivo es la calidad.<\/p>\n<p>Para la consecuci\u00f3n de estas metas, ISASTUR se fij\u00f3 como objetivo a medio plazo, la creaci\u00f3n de puestos de trabajo y la formaci\u00f3n de personal en nuevas tecnolog\u00edas.<\/p>\n<p>La oficina se fue cambiando su cesivamente por las crecientes necesidades de espacio; iniciando su localizaci\u00f3n en Santa Susana, pas\u00f3 por Marqu\u00e9s de Teverga y Cervantes, antes de ser ubicada definitivamente en el pol\u00edgono de Silvota en 1989, si bien con posterioridad, se ampli\u00f3 con la tercera planta. Anteriormente, se hab\u00edan construido las naves de Taller y Almac\u00e9n (1985). Las oficinas del Parque tecnol\u00f3gico de Llanera se construyeron y ocuparon en 2004.<\/p>\n<p>Un aspecto que se consider\u00f3 fundamental desde el inicio, fue el de Seguridad e Higiene en el trabajo y, fruto del esfuerzo en este campo, fue el reconocimiento por el Ministerio de Trabajo en el a\u00f1o 2004, que le otorg\u00f3 la distinci\u00f3n de mejor empresa espa\u00f1ola en la materia, dentro del grupo de Grandes Empresas. Esta distinci\u00f3n fue refrendada al a\u00f1o siguiente, por las Mutuas de Trabajo, con la concesi\u00f3n del premio Diploos.<\/p>\n<p>El certificado de Empresa Registrada en Calidad, se obtuvo en 1994, siendo la primera empresa espa\u00f1ola, en su giro, que obtuvo la certificaci\u00f3n ISO-9001. Fueron los pasos previos para entrar en el nuevo sistema EFQM.<\/p>\n<p>Los dos pilares \u00abSeguridad-Calidad\u00bb, permitieron que ISASTUR fuese creciendo dentro y fuera de la regi\u00f3n a un ritmo acelerado ISASTUR, naci\u00f3 en \u00e9poca de crisis, pero tuvo la ventaja de hacerlo cuando otras empresas pasaban por grandes dificultades, algunas de las cuales no subsistieron. En un breve plazo, se hizo con la confianza de empresas de primera categor\u00eda, para quienes realizaba labores de ingenier\u00eda, montajes mantenimiento y automatizaciones. Las relaciones con clientes y proveedores, eran m\u00e1s f\u00e1ciles que en la actualidad, porque se fundaban en la confianza y buena fe; la responsabilidad no estaba difuminada y lo hablado, ten\u00eda tanto valor como lo escrito.<\/p>\n<p>A lo largo del tiempo y sobremanera en los \u00faltimos, las relaciones del mercado fueron cambiando a mayores dificultades; ahora, los contratos hay que leerlos, desmenuzarlos e interpretarlos desde diferentes puntos de vista, para evitar posteriores sorpresas. Desafortunadamente, tambi\u00e9n las condiciones de pago fueron a peor, as\u00ed como la incertidumbre que lleva en s\u00ed, cualquier tipo de obra.<\/p>\n<p>Actualmente se est\u00e1 superando esta terrible crisis, que esperamos concluya lo antes posible, y que ISASTUR, siga avanzando en Seguridad, Calidad y Empleo.<\/p>\n","protected":false},"excerpt":{"rendered":"<p>Con motivo del 35\u00ba aniversario de la creaci\u00f3n del Grupo ISASTUR, Arturo Alonso Llanos, uno de sus socios fundadores, recuerda en este art\u00edculo los or\u00edgenes de la empresa que hoy es un grupo de empresas, pero que mantiene los mismos principios que animaron a su creaci\u00f3n. Un testimonio de primera mano.<\/p>\n","protected":false},"author":1,"featured_media":0,"comment_status":"open","ping_status":"open","sticky":false,"template":"","format":"standard","meta":[],"categories":[3],"tags":[20,24,26,29,31,83,85,94,112,120,126,129,169,171],"_links":{"self":[{"href":"https:\/\/www.isastur.com\/blog\/wp-json\/wp\/v2\/posts\/480"}],"collection":[{"href":"https:\/\/www.isastur.com\/blog\/wp-json\/wp\/v2\/posts"}],"about":[{"href":"https:\/\/www.isastur.com\/blog\/wp-json\/wp\/v2\/types\/post"}],"author":[{"embeddable":true,"href":"https:\/\/www.isastur.com\/blog\/wp-json\/wp\/v2\/users\/1"}],"replies":[{"embeddable":true,"href":"https:\/\/www.isastur.com\/blog\/wp-json\/wp\/v2\/comments?post=480"}],"version-history":[{"count":0,"href":"https:\/\/www.isastur.com\/blog\/wp-json\/wp\/v2\/posts\/480\/revisions"}],"wp:attachment":[{"href":"https:\/\/www.isastur.com\/blog\/wp-json\/wp\/v2\/media?parent=480"}],"wp:term":[{"taxonomy":"category","embeddable":true,"href":"https:\/\/www.isastur.com\/blog\/wp-json\/wp\/v2\/categories?post=480"},{"taxonomy":"post_tag","embeddable":true,"href":"https:\/\/www.isastur.com\/blog\/wp-json\/wp\/v2\/tags?post=480"}],"curies":[{"name":"wp","href":"https:\/\/api.w.org\/{rel}","templated":true}]}}